{"id":75,"date":"2018-04-27T20:18:29","date_gmt":"2018-04-27T20:18:29","guid":{"rendered":"http:\/\/imbacorp.pe\/jobs\/adp-prospect-peru\/?p=70"},"modified":"2018-05-19T14:39:53","modified_gmt":"2018-05-19T14:39:53","slug":"expo-plast-peru-2018-se-presenta-en-la-embajada-de-brasil-en-lima","status":"publish","type":"post","link":"https:\/\/www.coldtac.com\/index.php\/2018\/04\/27\/expo-plast-peru-2018-se-presenta-en-la-embajada-de-brasil-en-lima\/","title":{"rendered":"Expo Plast Per\u00fa 2018 se presenta en la Embajada de Brasil en Lima"},"content":{"rendered":"<p><strong>Octava edici\u00f3n de la Fer<\/strong><strong>ia Internacional de la Industria del Pl\u00e1stico se realizar\u00e1 del 23 al 26 de mayo en Lima (Per\u00fa). Brasil ser\u00e1 el \u201cPa\u00eds Expositor de Honor\u201d de esta feria especializada que reunir\u00e1 a una inmejorable oferta de maquinarias, productos y servicios vinculados al sector pl\u00e1stico.<\/strong><\/p>\n<p>La embajada de Brasil en el Per\u00fa abri\u00f3 sus puertas a los empresarios del pl\u00e1stico, para presentar Expo Plast Per\u00fa 2018, la Feria Internacional de la Industria del Pl\u00e1stico, que en su octava edici\u00f3n se realizar\u00e1 del 23 al 26 de mayo en la Ciudad Ferial Costa Verde, ubicada en el boulevard Domos Art del distrito de San Miguel (Lima).<\/p>\n<p><img decoding=\"async\" class=\"pull-center alignright\" src=\"https:\/\/www.connuestroperu.com\/images\/stories\/conferencia\/expos\/expoplast-peru-2018.jpg\" alt=\"\" \/><\/p>\n<p>En esta ocasi\u00f3n, el embajador de la Rep\u00fablica Federativa del Brasil en el Per\u00fa, Marco Raposo Lopes, agradeci\u00f3 la presencia de los visitantes y mostr\u00f3 la predisposici\u00f3n de su embajada de apoyar eventos de estas caracter\u00edsticas y se comprometi\u00f3 a inaugurar la feria el pr\u00f3ximo 23 de mayo.<\/p>\n<p>En el evento de presentaci\u00f3n se resalt\u00f3 las bondades del programa Brazil Machinery Solutions (BMS) que traer\u00e1 al Per\u00fa a 19 empresas fabricantes brasile\u00f1os de maquinarias y equipos para el sector de la transformaci\u00f3n del pl\u00e1stico.<\/p>\n<p>La presencia de estos fabricantes en el pabell\u00f3n brasile\u00f1o es organizada por el citado programa, una alianza entre la Agencia Brasile\u00f1a de Promoci\u00f3n de las Exportaciones e Inversiones (Apex-Brasil) y la Asociaci\u00f3n Brasile\u00f1a de la Industria de M\u00e1quinas y Equipos (Abimaq).<\/p>\n<p>Por su parte, el presidente de la Asociaci\u00f3n Peruana de la Industria Pl\u00e1stica (Apiplast), Eduardo Farah, brind\u00f3 unas palabras a los presentes en donde relat\u00f3 el desarrollo del citado sector econ\u00f3mico en el mercado nacional y declar\u00f3 a Brasil como \u201cPa\u00eds Expositor de Honor\u201d.<\/p>\n<p>En la amena reuni\u00f3n, el Grupo G-Trade, empresa organizadora de Expo Plast Per\u00fa, le entreg\u00f3 un presente a Marco Antonio Carlotti, gerente de Promoci\u00f3n Comercial de la Asociaci\u00f3n Brasile\u00f1a de Fabricantes de Maquinaria\u00a0y Equipos (Abimaq), quien resalt\u00f3 las potencialidades del mercado peruano del pl\u00e1stico a nivel de Latinoam\u00e9rica.<\/p>\n<p>En el marco de la Expo Plast Per\u00fa 2018 (m\u00e1s del 50 % de los exhibidores ser\u00e1n internacionales) se realizar\u00e1n otras actividades paralelas como el Primer Congreso de Reciclaje Pl\u00e1stico (24 y 25 de mayo), el \u201cDesfile de ropa de pl\u00e1stico m\u00e1s grande del mundo\u201d (24 de mayo) y un concurso de esculturas con materiales de pl\u00e1stico reciclado.<\/p>\n<p>La feria -declarada \u201czona primaria\u201d aduanera por la Superintendencia Nacional de Aduanas y de Administraci\u00f3n Tributaria (Sunat)- se realizar\u00e1 en simult\u00e1neo con la tercera edici\u00f3n de Pack Per\u00fa Expo, Feria de Envases, Empaques y Embalajes. Ambas citas esperan convocar a m\u00e1s de 20.000 visitantes.<\/p>\n<p>Expo Plast Per\u00fa 2018 es auspiciada por la Asociaci\u00f3n Peruana de la Industria Pl\u00e1stica\u00a0(Apiplast) y el Comit\u00e9 de Pl\u00e1sticos de la Sociedad Nacional de Industrias; patrocinada por la Asociaci\u00f3n\u00a0Latinoamericana de la Industria Pl\u00e1stica (Aliplast); y oficializada por la Asociaci\u00f3n de Ferias del Per\u00fa (AFEP) y el Ministerio de Comercio Exterior y Turismo (Mincetur).<\/p>\n<p>Abimaq representa actualmente a cerca de 7.500 empresas de diferentes segmentos fabricantes de bienes de capital mec\u00e1nicos, cuyo desempe\u00f1o tiene impacto directo sobre los dem\u00e1s sectores productivos de Brasil. Adem\u00e1s de la representaci\u00f3n institucional del sector, esta asociaci\u00f3n tiene su gesti\u00f3n profesionalizada y sus actividades dirigidas a la generaci\u00f3n de oportunidades comerciales para sus asociadas, actuando como Agencia de Desarrollo de la Industria Brasile\u00f1a de M\u00e1quinas y Equipos.<\/p>\n","protected":false},"excerpt":{"rendered":"<p>Octava edici\u00f3n de la Feria Internacional de la Industria del Pl\u00e1stico se realizar\u00e1 del 23 al 26 de mayo en Lima (Per\u00fa). Brasil ser\u00e1 el \u201cPa\u00eds Expositor de Honor\u201d de<span class=\"excerpt-hellip\"> [\u2026]<\/span><\/p>\n","protected":false},"author":1,"featured_media":65,"comment_status":"open","ping_status":"open","sticky":false,"template":"","format":"standard","meta":{"footnotes":""},"categories":[5],"tags":[4],"class_list":["post-75","post","type-post","status-publish","format-standard","has-post-thumbnail","hentry","category-novedades","tag-industria-plastica"],"_links":{"self":[{"href":"https:\/\/www.coldtac.com\/index.php\/wp-json\/wp\/v2\/posts\/75","targetHints":{"allow":["GET"]}}],"collection":[{"href":"https:\/\/www.coldtac.com\/index.php\/wp-json\/wp\/v2\/posts"}],"about":[{"href":"https:\/\/www.coldtac.com\/index.php\/wp-json\/wp\/v2\/types\/post"}],"author":[{"embeddable":true,"href":"https:\/\/www.coldtac.com\/index.php\/wp-json\/wp\/v2\/users\/1"}],"replies":[{"embeddable":true,"href":"https:\/\/www.coldtac.com\/index.php\/wp-json\/wp\/v2\/comments?post=75"}],"version-history":[{"count":1,"href":"https:\/\/www.coldtac.com\/index.php\/wp-json\/wp\/v2\/posts\/75\/revisions"}],"predecessor-version":[{"id":78,"href":"https:\/\/www.coldtac.com\/index.php\/wp-json\/wp\/v2\/posts\/75\/revisions\/78"}],"wp:featuredmedia":[{"embeddable":true,"href":"https:\/\/www.coldtac.com\/index.php\/wp-json\/wp\/v2\/media\/65"}],"wp:attachment":[{"href":"https:\/\/www.coldtac.com\/index.php\/wp-json\/wp\/v2\/media?parent=75"}],"wp:term":[{"taxonomy":"category","embeddable":true,"href":"https:\/\/www.coldtac.com\/index.php\/wp-json\/wp\/v2\/categories?post=75"},{"taxonomy":"post_tag","embeddable":true,"href":"https:\/\/www.coldtac.com\/index.php\/wp-json\/wp\/v2\/tags?post=75"}],"curies":[{"name":"wp","href":"https:\/\/api.w.org\/{rel}","templated":true}]}}